{"id":13465,"date":"2026-02-06T09:48:29","date_gmt":"2026-02-06T08:48:29","guid":{"rendered":"https:\/\/b2b.ilumen.solar\/?p=13465"},"modified":"2026-03-06T13:27:53","modified_gmt":"2026-03-06T12:27:53","slug":"ilumen-hubo-ambition-durable-systeme-energetique-intelligent","status":"publish","type":"post","link":"https:\/\/b2b.ilumen.solar\/fr\/ilumen-hubo-zonhoven-van-duurzame-ambitie-naar-slim-energiesysteem\/","title":{"rendered":"iLumen &amp; Hubo Zonhoven : d'une ambition durable \u00e0 un syst\u00e8me \u00e9nerg\u00e9tique intelligent"},"content":{"rendered":"<p><strong>Hubo est l'une des cha\u00eenes de bricolage les plus connues en Belgique, avec des magasins ancr\u00e9s localement qui misent fortement sur le service et l'entrepreneuriat. Le site de Zonhoven, exploit\u00e9 par Groep Heeren, voulait \u00eatre bien plus qu'un simple site de retail : l'objectif \u00e9tait de devenir l'un des sites commerciaux les plus durables du Limbourg, avec l'\u00e9nergie comme levier strat\u00e9gique \u2014 et non comme poste de co\u00fbt.<\/strong><\/p>\n\n\n\n<h2 class=\"wp-block-heading\"><strong>La situation et l'ambition<\/strong><\/h2>\n\n\n\n<p>Le retail consomme de l'\u00e9nergie \u00e0 des moments qui ne co\u00efncident pas toujours avec la production solaire. Chez Hubo Zonhoven, l'intention durable \u00e9tait d\u00e9j\u00e0 claire, mais elle se heurtait \u00e0 une r\u00e9alit\u00e9 bien connue.&nbsp;<\/p>\n\n\n\n<p>Les grandes surfaces de bricolage ont une charge de base continue \u2014 r\u00e9frig\u00e9ration, informatique, \u00e9clairage, ventilation \u2014 qui demande de l'\u00e9nergie en permanence. Mais elles connaissent aussi des pics de consommation \u00e9lev\u00e9s, notamment en fin d'apr\u00e8s-midi et en d\u00e9but de soir\u00e9e : \u00e9clairage suppl\u00e9mentaire, logistique, chauffage, etc. Et ce, alors qu'une production solaire abondante se concentre entre 11h et 15h, par ciel d\u00e9gag\u00e9 \u2014 surtout au printemps et en \u00e9t\u00e9. Ce d\u00e9calage cr\u00e9e un pic de production intense, beaucoup de puissance sur une dur\u00e9e relativement courte, si bien que l'exc\u00e9dent d'\u00e9nergie part sur le r\u00e9seau \u00e0 de faibles tarifs de rachat, parfois avec des limitations d'injection.<\/p>\n\n\n\n<p>L'ambition de Hubo \u00e9tait claire : <strong>valoriser au maximum l'\u00e9nergie locale<\/strong>, ma\u00eetriser les pics et solliciter le r\u00e9seau le moins possible \u2014 sans compromis sur la continuit\u00e9 d'exploitation.<\/p>\n\n\n\n<figure class=\"wp-block-embed is-type-video is-provider-youtube wp-block-embed-youtube wp-embed-aspect-16-9 wp-has-aspect-ratio\"><div class=\"wp-block-embed__wrapper\">\n<iframe title=\"Zonnepanelen voor Hubo Zonhoven\" width=\"800\" height=\"450\" data-src=\"https:\/\/www.youtube.com\/embed\/f8IM-JjcGVE?feature=oembed\" frameborder=\"0\" allow=\"accelerometer; autoplay; clipboard-write; encrypted-media; gyroscope; picture-in-picture; web-share\" referrerpolicy=\"strict-origin-when-cross-origin\" allowfullscreen src=\"data:image\/svg+xml;base64,PHN2ZyB3aWR0aD0iMSIgaGVpZ2h0PSIxIiB4bWxucz0iaHR0cDovL3d3dy53My5vcmcvMjAwMC9zdmciPjwvc3ZnPg==\" class=\"lazyload\" data-load-mode=\"1\"><\/iframe>\n<\/div><\/figure>\n\n\n\n<h2 class=\"wp-block-heading\"><strong>Le d\u00e9fi<\/strong><\/h2>\n\n\n\n<p>Le d\u00e9fi central ne r\u00e9sidait pas dans la production d'\u00e9nergie renouvelable, mais dans <strong>ce qu'il advient de cette \u00e9nergie apr\u00e8s sa production.<\/strong>.<\/p>\n\n\n\n<ul class=\"wp-block-list\">\n<li>Comment \u00e9viter que l'exc\u00e9dent solaire parte sur le r\u00e9seau \u00e0 des tarifs peu avantageux ?<\/li>\n\n\n\n<li>Comment absorber les pics de consommation sans renforcer le raccordement r\u00e9seau ?<\/li>\n\n\n\n<li>Comment faire de l'\u00e9nergie <strong>un actif pilotable<\/strong> plut\u00f4t qu'un co\u00fbt subi ?<\/li>\n<\/ul>\n\n\n\n<p>Cela exigeait une solution allant bien au-del\u00e0 des seuls panneaux solaires : une gestion intelligente de l'\u00e9nergie, associant stockage et pilotage automatis\u00e9.<\/p>\n\n\n\n<h2 class=\"wp-block-heading\"><strong>La solution<\/strong><\/h2>\n\n\n\n<p>En collaboration avec des partenaires installateurs, un projet pilote a \u00e9t\u00e9 mis en place, dans lequel <strong>iLumen<\/strong> a assur\u00e9 la conception et l'int\u00e9gration d'un syst\u00e8me \u00e9nerg\u00e9tique intelligent.<\/p>\n\n\n\n<p>La solution combine :<\/p>\n\n\n\n<ul class=\"wp-block-list\">\n<li><strong>Un stockage par batteries \u00e0 grande \u00e9chelle<\/strong> pour conserver l'\u00e9nergie solaire localement<\/li>\n\n\n\n<li><strong>Une architecture orient\u00e9e DC<\/strong> pour limiter les pertes de conversion<\/li>\n\n\n\n<li><strong>Une gestion intelligente de l'\u00e9nergie<\/strong> qui synchronise en permanence production, consommation et stockage<\/li>\n\n\n\n<li><strong>Une pr\u00e9paration \u00e0 la recharge \u00e9lectrique<\/strong>, sans pression suppl\u00e9mentaire sur le r\u00e9seau<\/li>\n<\/ul>\n\n\n\n<p>Le r\u00e9sultat n'est pas une installation isol\u00e9e, mais un syst\u00e8me int\u00e9gr\u00e9 qui prend activement des d\u00e9cisions sur la base des flux \u00e9nerg\u00e9tiques.<\/p>\n\n\n\n<h2 class=\"wp-block-heading\"><strong>Le r\u00e9sultat<\/strong><\/h2>\n\n\n\n<p>Hubo Zonhoven est pass\u00e9 d'un site retail classique \u00e0 un site \u00e9nerg\u00e9tique activement g\u00e9r\u00e9.<\/p>\n\n\n\n<p>Concr\u00e8tement :<\/p>\n\n\n\n<ul class=\"wp-block-list\">\n<li>Une autoconsommation solaire accrue<\/li>\n\n\n\n<li>Des pics de puissance r\u00e9duits et un meilleur contr\u00f4le des co\u00fbts \u00e9nerg\u00e9tiques<\/li>\n\n\n\n<li>Une d\u00e9pendance moindre au r\u00e9seau \u00e9lectrique<\/li>\n\n\n\n<li>Une infrastructure p\u00e9renne, pr\u00eate pour une \u00e9lectrification plus pouss\u00e9e<\/li>\n<\/ul>\n\n\n\n<p>Pour iLumen, ce projet confirme ce que le stockage par batteries \u00e0 grande \u00e9chelle peut repr\u00e9senter aujourd'hui :<br>non pas un tampon passif, mais un composant d\u00e9cisif dans la gestion op\u00e9rationnelle du site.<\/p>\n\n\n\n<h2 class=\"wp-block-heading\"><strong>Pourquoi ce projet compte<\/strong><\/h2>\n\n\n\n<p>Ce projet pilote d\u00e9montre comment des sites commerciaux comme Hubo peuvent, avec la bonne technologie et le bon niveau d'ing\u00e9nierie, reprendre le contr\u00f4le de leur \u00e9nergie. Non pas en produisant davantage, mais en tirant mieux parti de ce qui existe d\u00e9j\u00e0.<\/p>","protected":false},"excerpt":{"rendered":"<p>Hubo is \u00e9\u00e9n van de bekendste doe-het-zelfketens in Belgi\u00eb, met lokaal verankerde winkels die sterk inzetten op service en ondernemerschap. De vestiging in Zonhoven, uitgebaat door Groep Heeren, wilde meer zijn dan een klassieke retailsite: het doel was om uit te groeien tot \u00e9\u00e9n van de meest duurzame winkelsites in Limburg, met energie als strategische [&hellip;]<\/p>\n","protected":false},"author":22,"featured_media":13464,"comment_status":"closed","ping_status":"closed","sticky":false,"template":"","format":"standard","meta":{"_seopress_robots_primary_cat":"none","_seopress_titles_title":"","_seopress_titles_desc":"","_seopress_robots_index":"","footnotes":""},"categories":[468],"tags":[],"class_list":["post-13465","post","type-post","status-publish","format-standard","has-post-thumbnail","hentry","category-testimonials"],"_links":{"self":[{"href":"https:\/\/b2b.ilumen.solar\/fr\/wp-json\/wp\/v2\/posts\/13465","targetHints":{"allow":["GET"]}}],"collection":[{"href":"https:\/\/b2b.ilumen.solar\/fr\/wp-json\/wp\/v2\/posts"}],"about":[{"href":"https:\/\/b2b.ilumen.solar\/fr\/wp-json\/wp\/v2\/types\/post"}],"author":[{"embeddable":true,"href":"https:\/\/b2b.ilumen.solar\/fr\/wp-json\/wp\/v2\/users\/22"}],"replies":[{"embeddable":true,"href":"https:\/\/b2b.ilumen.solar\/fr\/wp-json\/wp\/v2\/comments?post=13465"}],"version-history":[{"count":2,"href":"https:\/\/b2b.ilumen.solar\/fr\/wp-json\/wp\/v2\/posts\/13465\/revisions"}],"predecessor-version":[{"id":13469,"href":"https:\/\/b2b.ilumen.solar\/fr\/wp-json\/wp\/v2\/posts\/13465\/revisions\/13469"}],"wp:featuredmedia":[{"embeddable":true,"href":"https:\/\/b2b.ilumen.solar\/fr\/wp-json\/wp\/v2\/media\/13464"}],"wp:attachment":[{"href":"https:\/\/b2b.ilumen.solar\/fr\/wp-json\/wp\/v2\/media?parent=13465"}],"wp:term":[{"taxonomy":"category","embeddable":true,"href":"https:\/\/b2b.ilumen.solar\/fr\/wp-json\/wp\/v2\/categories?post=13465"},{"taxonomy":"post_tag","embeddable":true,"href":"https:\/\/b2b.ilumen.solar\/fr\/wp-json\/wp\/v2\/tags?post=13465"}],"curies":[{"name":"wp","href":"https:\/\/api.w.org\/{rel}","templated":true}]}}